{"id":1328,"date":"2025-12-13T23:43:00","date_gmt":"2025-12-13T23:43:00","guid":{"rendered":"https:\/\/durnako.com\/e9cab87f-9216-43aa-aab3-8ba273a2ee6a\/"},"modified":"2025-12-13T23:43:18","modified_gmt":"2025-12-13T23:43:18","slug":"e9cab87f-9216-43aa-aab3-8ba273a2ee6a","status":"publish","type":"post","link":"https:\/\/durnako.com\/fr\/e9cab87f-9216-43aa-aab3-8ba273a2ee6a\/","title":{"rendered":"Administratif\/a de Gesti\u00f3n de Personal \u2013 Contrat ind\u00e9fini et d\u00e9veloppement professionnel"},"content":{"rendered":"<\/p>\n<\/p>\n<div style=\"background: #ffffff; border-radius: 12px; box-shadow: 0 10px 30px rgba(0, 0, 0, 0.1); width: 100%; max-width: 340px; padding: 25px; transition: transform 0.3s ease-in-out; overflow: visible; display: flex; flex-direction: column; position: relative; border: 1px solid #28a745; margin-top: 70px; margin-bottom: 50px; margin-left: auto; margin-right: auto;\">\n<div style=\"position: absolute; top: -35px; right: 15px; color: #28a745; padding: 5px 10px; border-radius: 6px; font-size: 14px; font-weight: bold; display: flex; align-items: center; z-index: 10;\">Recommand\u00e9 pour toi<\/div>\n<div data-namespace-header=\"\" style=\"\">\n<h3 data-namespace-title=\"\" style=\"color: #333; font-size: 20px; font-weight: bold; text-align: left; margin-right: 50px; min-height: 50px; margin-top: 0px;\">Administrativo\/a de Gesti\u00f3n de Personal<\/h3>\n<\/p><\/div>\n<p data-namespace-prompt=\"\" style=\"font-size: 16px; color: #666; margin-bottom: 20px; line-height: 1.5; flex-grow: 1; text-align: left; margin-top: 0px;\">Desarrolla tu carrera con un contrato indefinido, salario anual entre 10.000 y 30.000 EUR, y la oportunidad de crecer en Recursos Humanos dentro de un ambiente estable.<\/p>\n<p>    <a data-namespace-url=\"\" href=\"https:\/\/durnako.com\/fr\/redirect\/?https:\/\/www.learn4good.com\/jobs\/la-coruna\/espana\/recursos_humanos_reclutamiento\/4697238787\/s\/?utm_campaign=google_jobs_apply&#038;utm_source=google_jobs_apply&#038;utm_medium=organic\" style=\"width: 100%; display: inline-block; color: white; text-decoration: none; border-radius: 6px; font-size: 16px; font-weight: bold; text-align: center; transition: transform 0.3s ease, background 0.3s ease; margin-top: auto;\" data-namespace-id=\"5c0d2565-3ba9-4280-a382-ad2a691e2285\"><br \/>\n        <button style=\"width: 100%; height: 55px; background: #e9e9ed; border: 1px solid black; color: black;\">Solicitar empleo<\/button><br \/>\n    <\/a><br \/>\n    <small style=\"margin-top: 10px; color: #777; font-size: 12px; text-align: center; display: block;\">Ser\u00e1s redirigido a otra web<\/small>\n<\/div>\n<h2>Responsabilidades y funciones<\/h2>\n<p>El Administrativo\/a de Gesti\u00f3n de Personal se encarga diariamente de la gesti\u00f3n administrativa integral de empleados. Esto incluye altas, bajas, contratos, renovaciones y el control de incidencias.<\/p>\n<p>Forma parte de sus tareas la elaboraci\u00f3n de n\u00f3minas, finiquitos, seguros sociales y el c\u00e1lculo preciso de variaciones salariales, siempre en colaboraci\u00f3n directa con Recursos Humanos.<\/p>\n<p>La actualizaci\u00f3n y mantenimiento de la base de datos de personal, junto con el contacto con organismos oficiales para temas de Seguridad Social o SEPE, es fundamental en el d\u00eda a d\u00eda.<\/p>\n<p>El puesto requiere un seguimiento de permisos, normativa y convenios laborales, adem\u00e1s de la participaci\u00f3n activa en selecci\u00f3n y onboarding de nuevas incorporaciones.<\/p>\n<p>Adem\u00e1s, ser\u00e1 responsable de resolver dudas y consultas del personal frente a temas normativos o incidencias laborales, por lo que la atenci\u00f3n al detalle y la empat\u00eda son cruciales.<\/p>\n<h2>Aspectos positivos<\/h2>\n<p>Un gran atractivo de este puesto es el contrato indefinido desde el primer d\u00eda, ofreciendo estabilidad y seguridad a largo plazo.<\/p>\n<p>El entorno de trabajo destaca por su colaboraci\u00f3n y cercan\u00eda, fomentando relaciones profesionales saludables y una comunicaci\u00f3n abierta constante.<\/p>\n<h2>Aspectos negativos<\/h2>\n<p>La gesti\u00f3n laboral implica una fuerte carga administrativa y numerosas tareas repetitivas, lo que puede ser mon\u00f3tono para algunos perfiles.<\/p>\n<p>El puesto implica un alto grado de responsabilidad sobre la informaci\u00f3n confidencial, lo que requiere atenci\u00f3n continua y algo de presi\u00f3n en momentos de cierre de n\u00f3mina.<\/p>\n<h2>Veredicto final<\/h2>\n<p>Quienes buscan un empleo estable en el \u00e1rea laboral con posibilidades reales de desarrollo profesional, encontrar\u00e1n aqu\u00ed una muy buena oportunidad.<\/p>\n<p>El perfil ideal es alguien con rigor, organizaci\u00f3n, gusto por el orden y que valore la interacci\u00f3n con las personas en un entorno profesional seguro.<\/p>\n<div style=\"background: #ffffff; border-radius: 12px; box-shadow: 0 10px 30px rgba(0, 0, 0, 0.1); width: 100%; max-width: 340px; padding: 25px; transition: transform 0.3s ease-in-out; overflow: visible; display: flex; flex-direction: column; position: relative; border: 1px solid #28a745; margin-top: 70px; margin-bottom: 50px; margin-left: auto; margin-right: auto;\">\n<div style=\"position: absolute; top: -35px; right: 15px; color: #28a745; padding: 5px 10px; border-radius: 6px; font-size: 14px; font-weight: bold; display: flex; align-items: center; z-index: 10;\">Recommand\u00e9 pour toi<\/div>\n<div data-namespace-header=\"\" style=\"\">\n<h3 data-namespace-title=\"\" style=\"color: #333; font-size: 20px; font-weight: bold; text-align: left; margin-right: 50px; min-height: 50px; margin-top: 0px;\">Administrativo\/a de Gesti\u00f3n de Personal<\/h3>\n<\/p><\/div>\n<p data-namespace-prompt=\"\" style=\"font-size: 16px; color: #666; margin-bottom: 20px; line-height: 1.5; flex-grow: 1; text-align: left; margin-top: 0px;\">Desarrolla tu carrera con un contrato indefinido, salario anual entre 10.000 y 30.000 EUR, y la oportunidad de crecer en Recursos Humanos dentro de un ambiente estable.<\/p>\n<p>    <a data-namespace-url=\"\" href=\"https:\/\/durnako.com\/fr\/redirect\/?https:\/\/www.learn4good.com\/jobs\/la-coruna\/espana\/recursos_humanos_reclutamiento\/4697238787\/s\/?utm_campaign=google_jobs_apply&#038;utm_source=google_jobs_apply&#038;utm_medium=organic\" style=\"width: 100%; display: inline-block; color: white; text-decoration: none; border-radius: 6px; font-size: 16px; font-weight: bold; text-align: center; transition: transform 0.3s ease, background 0.3s ease; margin-top: auto;\" data-namespace-id=\"5c0d2565-3ba9-4280-a382-ad2a691e2285\"><br \/>\n        <button style=\"width: 100%; height: 55px; background: #e9e9ed; border: 1px solid black; color: black;\">Solicitar empleo<\/button><br \/>\n    <\/a><br \/>\n    <small style=\"margin-top: 10px; color: #777; font-size: 12px; text-align: center; display: block;\">Ser\u00e1s redirigido a otra web<\/small>\n<\/div>","protected":false},"excerpt":{"rendered":"<p>Oportunidad para trabajar como Administrativo\/a de Gesti\u00f3n de Personal. Contrato indefinido, buen ambiente y crecimiento. Descubre funciones, ventajas y retos de la posici\u00f3n.<\/p>","protected":false},"author":3,"featured_media":0,"comment_status":"open","ping_status":"open","sticky":false,"template":"","format":"standard","meta":{"_uag_custom_page_level_css":"","site-sidebar-layout":"default","site-content-layout":"","ast-site-content-layout":"","site-content-style":"default","site-sidebar-style":"default","ast-global-header-display":"","ast-banner-title-visibility":"","ast-main-header-display":"","ast-hfb-above-header-display":"","ast-hfb-below-header-display":"","ast-hfb-mobile-header-display":"","site-post-title":"","ast-breadcrumbs-content":"","ast-featured-img":"","footer-sml-layout":"","theme-transparent-header-meta":"","adv-header-id-meta":"","stick-header-meta":"","header-above-stick-meta":"","header-main-stick-meta":"","header-below-stick-meta":"","astra-migrate-meta-layouts":"default","ast-page-background-enabled":"default","ast-page-background-meta":{"desktop":{"background-color":"var(--ast-global-color-4)","background-image":"","background-repeat":"repeat","background-position":"center center","background-size":"auto","background-attachment":"scroll","background-type":"","background-media":"","overlay-type":"","overlay-color":"","overlay-opacity":"","overlay-gradient":""},"tablet":{"background-color":"","background-image":"","background-repeat":"repeat","background-position":"center center","background-size":"auto","background-attachment":"scroll","background-type":"","background-media":"","overlay-type":"","overlay-color":"","overlay-opacity":"","overlay-gradient":""},"mobile":{"background-color":"","background-image":"","background-repeat":"repeat","background-position":"center center","background-size":"auto","background-attachment":"scroll","background-type":"","background-media":"","overlay-type":"","overlay-color":"","overlay-opacity":"","overlay-gradient":""}},"ast-content-background-meta":{"desktop":{"background-color":"var(--ast-global-color-5)","background-image":"","background-repeat":"repeat","background-position":"center center","background-size":"auto","background-attachment":"scroll","background-type":"","background-media":"","overlay-type":"","overlay-color":"","overlay-opacity":"","overlay-gradient":""},"tablet":{"background-color":"var(--ast-global-color-5)","background-image":"","background-repeat":"repeat","background-position":"center center","background-size":"auto","background-attachment":"scroll","background-type":"","background-media":"","overlay-type":"","overlay-color":"","overlay-opacity":"","overlay-gradient":""},"mobile":{"background-color":"var(--ast-global-color-5)","background-image":"","background-repeat":"repeat","background-position":"center center","background-size":"auto","background-attachment":"scroll","background-type":"","background-media":"","overlay-type":"","overlay-color":"","overlay-opacity":"","overlay-gradient":""}},"footnotes":""},"categories":[14],"tags":[],"yoast_head":"<!-- This site is optimized with the Yoast SEO plugin v23.3 - https:\/\/yoast.com\/wordpress\/plugins\/seo\/ -->\n<title>Administrativo\/a de Gesti\u00f3n de Personal \u2013 Contrato indefinido y desarrollo profesional - Durnako<\/title>\n<meta name=\"robots\" content=\"index, follow, max-snippet:-1, max-image-preview:large, max-video-preview:-1\" \/>\n<link rel=\"canonical\" href=\"https:\/\/durnako.com\/fr\/e9cab87f-9216-43aa-aab3-8ba273a2ee6a\/\" \/>\n<meta property=\"og:locale\" content=\"fr_FR\" \/>\n<meta property=\"og:type\" content=\"article\" \/>\n<meta property=\"og:title\" content=\"Administrativo\/a de Gesti\u00f3n de Personal \u2013 Contrato indefinido y desarrollo profesional - Durnako\" \/>\n<meta property=\"og:description\" content=\"Oportunidad para trabajar como Administrativo\/a de Gesti\u00f3n de Personal. Contrato indefinido, buen ambiente y crecimiento. Descubre funciones, ventajas y retos de la posici\u00f3n.\" \/>\n<meta property=\"og:url\" content=\"https:\/\/durnako.com\/fr\/e9cab87f-9216-43aa-aab3-8ba273a2ee6a\/\" \/>\n<meta property=\"og:site_name\" content=\"Durnako\" \/>\n<meta property=\"article:published_time\" content=\"2025-12-13T23:43:00+00:00\" \/>\n<meta property=\"article:modified_time\" content=\"2025-12-13T23:43:18+00:00\" \/>\n<meta name=\"author\" content=\"Bruno Gianni\" \/>\n<meta name=\"twitter:card\" content=\"summary_large_image\" \/>\n<meta name=\"twitter:label1\" content=\"Written by\" \/>\n\t<meta name=\"twitter:data1\" content=\"Bruno Gianni\" \/>\n\t<meta name=\"twitter:label2\" content=\"Est. reading time\" \/>\n\t<meta name=\"twitter:data2\" content=\"2 minutes\" \/>\n<script type=\"application\/ld+json\" class=\"yoast-schema-graph\">{\"@context\":\"https:\/\/schema.org\",\"@graph\":[{\"@type\":\"Article\",\"@id\":\"https:\/\/durnako.com\/e9cab87f-9216-43aa-aab3-8ba273a2ee6a\/#article\",\"isPartOf\":{\"@id\":\"https:\/\/durnako.com\/e9cab87f-9216-43aa-aab3-8ba273a2ee6a\/\"},\"author\":{\"name\":\"Bruno Gianni\",\"@id\":\"https:\/\/durnako.com\/#\/schema\/person\/d52888235fd6563bd07d97185d6a61e4\"},\"headline\":\"Administrativo\/a de Gesti\u00f3n de Personal \u2013 Contrato indefinido y desarrollo profesional\",\"datePublished\":\"2025-12-13T23:43:00+00:00\",\"dateModified\":\"2025-12-13T23:43:18+00:00\",\"mainEntityOfPage\":{\"@id\":\"https:\/\/durnako.com\/e9cab87f-9216-43aa-aab3-8ba273a2ee6a\/\"},\"wordCount\":406,\"commentCount\":0,\"publisher\":{\"@id\":\"https:\/\/durnako.com\/#organization\"},\"articleSection\":[\"Hidden\"],\"inLanguage\":\"fr-FR\",\"potentialAction\":[{\"@type\":\"CommentAction\",\"name\":\"Comment\",\"target\":[\"https:\/\/durnako.com\/e9cab87f-9216-43aa-aab3-8ba273a2ee6a\/#respond\"]}]},{\"@type\":\"WebPage\",\"@id\":\"https:\/\/durnako.com\/e9cab87f-9216-43aa-aab3-8ba273a2ee6a\/\",\"url\":\"https:\/\/durnako.com\/e9cab87f-9216-43aa-aab3-8ba273a2ee6a\/\",\"name\":\"Administrativo\/a de Gesti\u00f3n de Personal \u2013 Contrato indefinido y desarrollo profesional - Durnako\",\"isPartOf\":{\"@id\":\"https:\/\/durnako.com\/#website\"},\"datePublished\":\"2025-12-13T23:43:00+00:00\",\"dateModified\":\"2025-12-13T23:43:18+00:00\",\"breadcrumb\":{\"@id\":\"https:\/\/durnako.com\/e9cab87f-9216-43aa-aab3-8ba273a2ee6a\/#breadcrumb\"},\"inLanguage\":\"fr-FR\",\"potentialAction\":[{\"@type\":\"ReadAction\",\"target\":[\"https:\/\/durnako.com\/e9cab87f-9216-43aa-aab3-8ba273a2ee6a\/\"]}]},{\"@type\":\"BreadcrumbList\",\"@id\":\"https:\/\/durnako.com\/e9cab87f-9216-43aa-aab3-8ba273a2ee6a\/#breadcrumb\",\"itemListElement\":[{\"@type\":\"ListItem\",\"position\":1,\"name\":\"Home\",\"item\":\"https:\/\/durnako.com\/\"},{\"@type\":\"ListItem\",\"position\":2,\"name\":\"Administrativo\/a de Gesti\u00f3n de Personal \u2013 Contrato indefinido y desarrollo profesional\"}]},{\"@type\":\"WebSite\",\"@id\":\"https:\/\/durnako.com\/#website\",\"url\":\"https:\/\/durnako.com\/\",\"name\":\"Durnako\",\"description\":\"\",\"publisher\":{\"@id\":\"https:\/\/durnako.com\/#organization\"},\"potentialAction\":[{\"@type\":\"SearchAction\",\"target\":{\"@type\":\"EntryPoint\",\"urlTemplate\":\"https:\/\/durnako.com\/?s={search_term_string}\"},\"query-input\":\"required name=search_term_string\"}],\"inLanguage\":\"fr-FR\"},{\"@type\":\"Organization\",\"@id\":\"https:\/\/durnako.com\/#organization\",\"name\":\"Durnako\",\"url\":\"https:\/\/durnako.com\/\",\"logo\":{\"@type\":\"ImageObject\",\"inLanguage\":\"fr-FR\",\"@id\":\"https:\/\/durnako.com\/#\/schema\/logo\/image\/\",\"url\":\"https:\/\/durnako.com\/wp-content\/uploads\/sites\/476\/2025\/10\/cropped-cropped-durnako.jpg\",\"contentUrl\":\"https:\/\/durnako.com\/wp-content\/uploads\/sites\/476\/2025\/10\/cropped-cropped-durnako.jpg\",\"width\":512,\"height\":512,\"caption\":\"Durnako\"},\"image\":{\"@id\":\"https:\/\/durnako.com\/#\/schema\/logo\/image\/\"}},{\"@type\":\"Person\",\"@id\":\"https:\/\/durnako.com\/#\/schema\/person\/d52888235fd6563bd07d97185d6a61e4\",\"name\":\"Bruno Gianni\",\"image\":{\"@type\":\"ImageObject\",\"inLanguage\":\"fr-FR\",\"@id\":\"https:\/\/durnako.com\/#\/schema\/person\/image\/\",\"url\":\"https:\/\/secure.gravatar.com\/avatar\/0f5d42d7bf77874643c1478932860e3f?s=96&d=mm&r=g\",\"contentUrl\":\"https:\/\/secure.gravatar.com\/avatar\/0f5d42d7bf77874643c1478932860e3f?s=96&d=mm&r=g\",\"caption\":\"Bruno Gianni\"},\"description\":\"Bruno writes the way he lives, with curiosity, care, and respect for people. He likes to observe, listen, and try to understand what is happening on the other side before putting any words on the page.For him, writing is not about impressing, but about getting closer. It is about turning thoughts into something simple, clear, and real. Every text is an ongoing conversation, created with care and honesty, with the sincere intention of touching someone, somewhere along the way.\",\"url\":\"https:\/\/durnako.com\/fr\/author\/bcgianni\/\"}]}<\/script>\n<!-- \/ Yoast SEO plugin. -->","yoast_head_json":{"title":"Administrativo\/a de Gesti\u00f3n de Personal \u2013 Contrato indefinido y desarrollo profesional - Durnako","robots":{"index":"index","follow":"follow","max-snippet":"max-snippet:-1","max-image-preview":"max-image-preview:large","max-video-preview":"max-video-preview:-1"},"canonical":"https:\/\/durnako.com\/fr\/e9cab87f-9216-43aa-aab3-8ba273a2ee6a\/","og_locale":"fr_FR","og_type":"article","og_title":"Administrativo\/a de Gesti\u00f3n de Personal \u2013 Contrato indefinido y desarrollo profesional - Durnako","og_description":"Oportunidad para trabajar como Administrativo\/a de Gesti\u00f3n de Personal. Contrato indefinido, buen ambiente y crecimiento. Descubre funciones, ventajas y retos de la posici\u00f3n.","og_url":"https:\/\/durnako.com\/fr\/e9cab87f-9216-43aa-aab3-8ba273a2ee6a\/","og_site_name":"Durnako","article_published_time":"2025-12-13T23:43:00+00:00","article_modified_time":"2025-12-13T23:43:18+00:00","author":"Bruno Gianni","twitter_card":"summary_large_image","twitter_misc":{"Written by":"Bruno Gianni","Est. reading time":"2 minutes"},"schema":{"@context":"https:\/\/schema.org","@graph":[{"@type":"Article","@id":"https:\/\/durnako.com\/e9cab87f-9216-43aa-aab3-8ba273a2ee6a\/#article","isPartOf":{"@id":"https:\/\/durnako.com\/e9cab87f-9216-43aa-aab3-8ba273a2ee6a\/"},"author":{"name":"Bruno Gianni","@id":"https:\/\/durnako.com\/#\/schema\/person\/d52888235fd6563bd07d97185d6a61e4"},"headline":"Administrativo\/a de Gesti\u00f3n de Personal \u2013 Contrato indefinido y desarrollo profesional","datePublished":"2025-12-13T23:43:00+00:00","dateModified":"2025-12-13T23:43:18+00:00","mainEntityOfPage":{"@id":"https:\/\/durnako.com\/e9cab87f-9216-43aa-aab3-8ba273a2ee6a\/"},"wordCount":406,"commentCount":0,"publisher":{"@id":"https:\/\/durnako.com\/#organization"},"articleSection":["Hidden"],"inLanguage":"fr-FR","potentialAction":[{"@type":"CommentAction","name":"Comment","target":["https:\/\/durnako.com\/e9cab87f-9216-43aa-aab3-8ba273a2ee6a\/#respond"]}]},{"@type":"WebPage","@id":"https:\/\/durnako.com\/e9cab87f-9216-43aa-aab3-8ba273a2ee6a\/","url":"https:\/\/durnako.com\/e9cab87f-9216-43aa-aab3-8ba273a2ee6a\/","name":"Administrativo\/a de Gesti\u00f3n de Personal \u2013 Contrato indefinido y desarrollo profesional - Durnako","isPartOf":{"@id":"https:\/\/durnako.com\/#website"},"datePublished":"2025-12-13T23:43:00+00:00","dateModified":"2025-12-13T23:43:18+00:00","breadcrumb":{"@id":"https:\/\/durnako.com\/e9cab87f-9216-43aa-aab3-8ba273a2ee6a\/#breadcrumb"},"inLanguage":"fr-FR","potentialAction":[{"@type":"ReadAction","target":["https:\/\/durnako.com\/e9cab87f-9216-43aa-aab3-8ba273a2ee6a\/"]}]},{"@type":"BreadcrumbList","@id":"https:\/\/durnako.com\/e9cab87f-9216-43aa-aab3-8ba273a2ee6a\/#breadcrumb","itemListElement":[{"@type":"ListItem","position":1,"name":"Home","item":"https:\/\/durnako.com\/"},{"@type":"ListItem","position":2,"name":"Administrativo\/a de Gesti\u00f3n de Personal \u2013 Contrato indefinido y desarrollo profesional"}]},{"@type":"WebSite","@id":"https:\/\/durnako.com\/#website","url":"https:\/\/durnako.com\/","name":"Durnako","description":"","publisher":{"@id":"https:\/\/durnako.com\/#organization"},"potentialAction":[{"@type":"SearchAction","target":{"@type":"EntryPoint","urlTemplate":"https:\/\/durnako.com\/?s={search_term_string}"},"query-input":"required name=search_term_string"}],"inLanguage":"fr-FR"},{"@type":"Organization","@id":"https:\/\/durnako.com\/#organization","name":"Durnako","url":"https:\/\/durnako.com\/","logo":{"@type":"ImageObject","inLanguage":"fr-FR","@id":"https:\/\/durnako.com\/#\/schema\/logo\/image\/","url":"https:\/\/durnako.com\/wp-content\/uploads\/sites\/476\/2025\/10\/cropped-cropped-durnako.jpg","contentUrl":"https:\/\/durnako.com\/wp-content\/uploads\/sites\/476\/2025\/10\/cropped-cropped-durnako.jpg","width":512,"height":512,"caption":"Durnako"},"image":{"@id":"https:\/\/durnako.com\/#\/schema\/logo\/image\/"}},{"@type":"Person","@id":"https:\/\/durnako.com\/#\/schema\/person\/d52888235fd6563bd07d97185d6a61e4","name":"Bruno Gianni","image":{"@type":"ImageObject","inLanguage":"fr-FR","@id":"https:\/\/durnako.com\/#\/schema\/person\/image\/","url":"https:\/\/secure.gravatar.com\/avatar\/0f5d42d7bf77874643c1478932860e3f?s=96&d=mm&r=g","contentUrl":"https:\/\/secure.gravatar.com\/avatar\/0f5d42d7bf77874643c1478932860e3f?s=96&d=mm&r=g","caption":"Bruno Gianni"},"description":"Bruno writes the way he lives, with curiosity, care, and respect for people. He likes to observe, listen, and try to understand what is happening on the other side before putting any words on the page.For him, writing is not about impressing, but about getting closer. It is about turning thoughts into something simple, clear, and real. Every text is an ongoing conversation, created with care and honesty, with the sincere intention of touching someone, somewhere along the way.","url":"https:\/\/durnako.com\/fr\/author\/bcgianni\/"}]}},"uagb_featured_image_src":{"full":false,"thumbnail":false,"medium":false,"medium_large":false,"large":false,"1536x1536":false,"2048x2048":false,"trp-custom-language-flag":false},"uagb_author_info":{"display_name":"Bruno Gianni","author_link":"https:\/\/durnako.com\/fr\/author\/bcgianni\/"},"uagb_comment_info":0,"uagb_excerpt":"Oportunidad para trabajar como Administrativo\/a de Gesti\u00f3n de Personal. Contrato indefinido, buen ambiente y crecimiento. Descubre funciones, ventajas y retos de la posici\u00f3n.","_links":{"self":[{"href":"https:\/\/durnako.com\/fr\/wp-json\/wp\/v2\/posts\/1328"}],"collection":[{"href":"https:\/\/durnako.com\/fr\/wp-json\/wp\/v2\/posts"}],"about":[{"href":"https:\/\/durnako.com\/fr\/wp-json\/wp\/v2\/types\/post"}],"author":[{"embeddable":true,"href":"https:\/\/durnako.com\/fr\/wp-json\/wp\/v2\/users\/3"}],"replies":[{"embeddable":true,"href":"https:\/\/durnako.com\/fr\/wp-json\/wp\/v2\/comments?post=1328"}],"version-history":[{"count":1,"href":"https:\/\/durnako.com\/fr\/wp-json\/wp\/v2\/posts\/1328\/revisions"}],"predecessor-version":[{"id":1340,"href":"https:\/\/durnako.com\/fr\/wp-json\/wp\/v2\/posts\/1328\/revisions\/1340"}],"wp:attachment":[{"href":"https:\/\/durnako.com\/fr\/wp-json\/wp\/v2\/media?parent=1328"}],"wp:term":[{"taxonomy":"category","embeddable":true,"href":"https:\/\/durnako.com\/fr\/wp-json\/wp\/v2\/categories?post=1328"},{"taxonomy":"post_tag","embeddable":true,"href":"https:\/\/durnako.com\/fr\/wp-json\/wp\/v2\/tags?post=1328"}],"curies":[{"name":"wp","href":"https:\/\/api.w.org\/{rel}","templated":true}]}}