{"id":3287,"date":"2026-01-08T23:10:00","date_gmt":"2026-01-08T23:10:00","guid":{"rendered":"https:\/\/durnako.com\/790c3d9e-0214-4149-a539-defa4b9ca4d5\/"},"modified":"2026-01-08T23:10:56","modified_gmt":"2026-01-08T23:10:56","slug":"790c3d9e-0214-4149-a539-defa4b9ca4d5","status":"publish","type":"post","link":"https:\/\/durnako.com\/fr\/790c3d9e-0214-4149-a539-defa4b9ca4d5\/","title":{"rendered":"Especialista en Recursos Humanos: Contrato, buen ambiente y desarrollo profesional"},"content":{"rendered":"<\/p>\n<\/p>\n<div style=\"background: #ffffff; border-radius: 12px; box-shadow: 0 10px 30px rgba(0, 0, 0, 0.1); width: 100%; max-width: 340px; padding: 25px; transition: transform 0.3s ease-in-out; overflow: visible; display: flex; flex-direction: column; position: relative; border: 1px solid #28a745; margin-top: 70px; margin-bottom: 50px; margin-left: auto; margin-right: auto;\">\n<div style=\"position: absolute; top: -35px; right: 15px; color: #28a745; padding: 5px 10px; border-radius: 6px; font-size: 14px; font-weight: bold; display: flex; align-items: center; z-index: 10;\">Recommand\u00e9 pour toi<\/div>\n<div data-namespace-header=\"\" style=\"\">\n<h3 data-namespace-title=\"\" style=\"color: #333; font-size: 20px; font-weight: bold; text-align: left; margin-right: 50px; min-height: 50px; margin-top: 0px;\">Especialista en Recursos Humanos<\/h3>\n<\/p><\/div>\n<p data-namespace-prompt=\"\" style=\"font-size: 16px; color: #666; margin-bottom: 20px; line-height: 1.5; flex-grow: 1; text-align: left; margin-top: 0px;\">Participa en proyectos de RRHH, gestiona documentaci\u00f3n y apoya equipos. Indispensable titulaci\u00f3n universitaria y experiencia previa. Contrato inicial y ambiente colaborativo.<\/p>\n<p>    <a data-namespace-url=\"\" href=\"https:\/\/durnako.com\/fr\/redirect\/?https:\/\/www.jobijoba.es\/oferta-empleo\/69\/8975c38038eae44893ff0b04f27c76ef?utm_campaign=google_jobs_apply&#038;utm_source=google_jobs_apply&#038;utm_medium=organic\" style=\"width: 100%; display: inline-block; color: white; text-decoration: none; border-radius: 6px; font-size: 16px; font-weight: bold; text-align: center; transition: transform 0.3s ease, background 0.3s ease; margin-top: auto;\" data-namespace-id=\"5c0d2565-3ba9-4280-a382-ad2a691e2285\"><br \/>\n        <button style=\"width: 100%; height: 55px; background: #e9e9ed; border: 1px solid black; color: black;\">Apuntarse a empleo<\/button><br \/>\n    <\/a><br \/>\n    <small style=\"margin-top: 10px; color: #777; font-size: 12px; text-align: center; display: block;\">Ser\u00e1s redirigido a otra web<\/small>\n<\/div>\n<h2>Responsabilit\u00e9s et routine quotidienne<\/h2>\n<p>Entre las tareas principales destaca la comunicaci\u00f3n eficaz con el personal y la gesti\u00f3n de documentaci\u00f3n relevante.<\/p>\n<p>El puesto involucra investigar y servir como enlace con autoridades al tratar asuntos legislativos o normativos.<\/p>\n<p>Se requiere dar seguimiento administrativo y colaborar con equipos multidisciplinares bajo la coordinaci\u00f3n directa de la jefatura.<\/p>\n<p>Otra responsabilidad importante es la elaboraci\u00f3n y gesti\u00f3n de contratos marco relacionados con el personal.<\/p>\n<p>La participaci\u00f3n en proyectos de recursos humanos y apoyo a la administraci\u00f3n son elementos esenciales en el d\u00eda a d\u00eda.<\/p>\n<h2>Points positifs du poste<\/h2>\n<p>Se ofrece un contrato inicial con posibilidad real de continuidad seg\u00fan el desarrollo del proyecto y desempe\u00f1o personal.<\/p>\n<p>El ambiente de trabajo es respetuoso, inclusivo y orientado a la mejora profesional en todo momento.<\/p>\n<h2>Puntos de mejora o aspectos a considerar<\/h2>\n<p>Se exige experiencia previa de al menos dos a\u00f1os, lo que podr\u00eda limitar a candidatos sin trayectoria suficiente.<\/p>\n<p>El dominio alto de ingl\u00e9s y espa\u00f1ol es un requisito imprescindible, as\u00ed como nivel avanzado en herramientas ofim\u00e1ticas.<\/p>\n<h2>Veredicto final<\/h2>\n<p>Este empleo destaca por su estabilidad inicial, potencial de desarrollo y entorno enriquecedor. Recomiendo a quienes buscan crecer en RRHH aplicar a esta oportunidad.<\/p>\n<div style=\"background: #ffffff; border-radius: 12px; box-shadow: 0 10px 30px rgba(0, 0, 0, 0.1); width: 100%; max-width: 340px; padding: 25px; transition: transform 0.3s ease-in-out; overflow: visible; display: flex; flex-direction: column; position: relative; border: 1px solid #28a745; margin-top: 70px; margin-bottom: 50px; margin-left: auto; margin-right: auto;\">\n<div style=\"position: absolute; top: -35px; right: 15px; color: #28a745; padding: 5px 10px; border-radius: 6px; font-size: 14px; font-weight: bold; display: flex; align-items: center; z-index: 10;\">Recommand\u00e9 pour toi<\/div>\n<div data-namespace-header=\"\" style=\"\">\n<h3 data-namespace-title=\"\" style=\"color: #333; font-size: 20px; font-weight: bold; text-align: left; margin-right: 50px; min-height: 50px; margin-top: 0px;\">Especialista en Recursos Humanos<\/h3>\n<\/p><\/div>\n<p data-namespace-prompt=\"\" style=\"font-size: 16px; color: #666; margin-bottom: 20px; line-height: 1.5; flex-grow: 1; text-align: left; margin-top: 0px;\">Participa en proyectos de RRHH, gestiona documentaci\u00f3n y apoya equipos. Indispensable titulaci\u00f3n universitaria y experiencia previa. Contrato inicial y ambiente colaborativo.<\/p>\n<p>    <a data-namespace-url=\"\" href=\"https:\/\/durnako.com\/fr\/redirect\/?https:\/\/www.jobijoba.es\/oferta-empleo\/69\/8975c38038eae44893ff0b04f27c76ef?utm_campaign=google_jobs_apply&#038;utm_source=google_jobs_apply&#038;utm_medium=organic\" style=\"width: 100%; display: inline-block; color: white; text-decoration: none; border-radius: 6px; font-size: 16px; font-weight: bold; text-align: center; transition: transform 0.3s ease, background 0.3s ease; margin-top: auto;\" data-namespace-id=\"5c0d2565-3ba9-4280-a382-ad2a691e2285\"><br \/>\n        <button style=\"width: 100%; height: 55px; background: #e9e9ed; border: 1px solid black; color: black;\">Apuntarse a empleo<\/button><br \/>\n    <\/a><br \/>\n    <small style=\"margin-top: 10px; color: #777; font-size: 12px; text-align: center; display: block;\">Ser\u00e1s redirigido a otra web<\/small>\n<\/div>","protected":false},"excerpt":{"rendered":"<p>Descubre esta oferta para especialista en recursos humanos con contrato inicial, oportunidad de desarrollo y un entorno colaborativo y profesional. Aplica y potencia tu carrera en RRHH ahora mismo.<\/p>","protected":false},"author":3,"featured_media":0,"comment_status":"open","ping_status":"open","sticky":false,"template":"","format":"standard","meta":{"_uag_custom_page_level_css":"","site-sidebar-layout":"default","site-content-layout":"","ast-site-content-layout":"","site-content-style":"default","site-sidebar-style":"default","ast-global-header-display":"","ast-banner-title-visibility":"","ast-main-header-display":"","ast-hfb-above-header-display":"","ast-hfb-below-header-display":"","ast-hfb-mobile-header-display":"","site-post-title":"","ast-breadcrumbs-content":"","ast-featured-img":"","footer-sml-layout":"","theme-transparent-header-meta":"","adv-header-id-meta":"","stick-header-meta":"","header-above-stick-meta":"","header-main-stick-meta":"","header-below-stick-meta":"","astra-migrate-meta-layouts":"default","ast-page-background-enabled":"default","ast-page-background-meta":{"desktop":{"background-color":"var(--ast-global-color-4)","background-image":"","background-repeat":"repeat","background-position":"center center","background-size":"auto","background-attachment":"scroll","background-type":"","background-media":"","overlay-type":"","overlay-color":"","overlay-opacity":"","overlay-gradient":""},"tablet":{"background-color":"","background-image":"","background-repeat":"repeat","background-position":"center center","background-size":"auto","background-attachment":"scroll","background-type":"","background-media":"","overlay-type":"","overlay-color":"","overlay-opacity":"","overlay-gradient":""},"mobile":{"background-color":"","background-image":"","background-repeat":"repeat","background-position":"center center","background-size":"auto","background-attachment":"scroll","background-type":"","background-media":"","overlay-type":"","overlay-color":"","overlay-opacity":"","overlay-gradient":""}},"ast-content-background-meta":{"desktop":{"background-color":"var(--ast-global-color-5)","background-image":"","background-repeat":"repeat","background-position":"center center","background-size":"auto","background-attachment":"scroll","background-type":"","background-media":"","overlay-type":"","overlay-color":"","overlay-opacity":"","overlay-gradient":""},"tablet":{"background-color":"var(--ast-global-color-5)","background-image":"","background-repeat":"repeat","background-position":"center center","background-size":"auto","background-attachment":"scroll","background-type":"","background-media":"","overlay-type":"","overlay-color":"","overlay-opacity":"","overlay-gradient":""},"mobile":{"background-color":"var(--ast-global-color-5)","background-image":"","background-repeat":"repeat","background-position":"center center","background-size":"auto","background-attachment":"scroll","background-type":"","background-media":"","overlay-type":"","overlay-color":"","overlay-opacity":"","overlay-gradient":""}},"footnotes":""},"categories":[14],"tags":[],"yoast_head":"<!-- This site is optimized with the Yoast SEO plugin v23.3 - https:\/\/yoast.com\/wordpress\/plugins\/seo\/ -->\n<title>Especialista en Recursos Humanos: Contrato, buen ambiente y desarrollo profesional - Durnako<\/title>\n<meta name=\"robots\" content=\"index, follow, max-snippet:-1, max-image-preview:large, max-video-preview:-1\" \/>\n<link rel=\"canonical\" href=\"https:\/\/durnako.com\/fr\/790c3d9e-0214-4149-a539-defa4b9ca4d5\/\" \/>\n<meta property=\"og:locale\" content=\"fr_FR\" \/>\n<meta property=\"og:type\" content=\"article\" \/>\n<meta property=\"og:title\" content=\"Especialista en Recursos Humanos: Contrato, buen ambiente y desarrollo profesional - Durnako\" \/>\n<meta property=\"og:description\" content=\"Descubre esta oferta para especialista en recursos humanos con contrato inicial, oportunidad de desarrollo y un entorno colaborativo y profesional. Aplica y potencia tu carrera en RRHH ahora mismo.\" \/>\n<meta property=\"og:url\" content=\"https:\/\/durnako.com\/fr\/790c3d9e-0214-4149-a539-defa4b9ca4d5\/\" \/>\n<meta property=\"og:site_name\" content=\"Durnako\" \/>\n<meta property=\"article:published_time\" content=\"2026-01-08T23:10:00+00:00\" \/>\n<meta property=\"article:modified_time\" content=\"2026-01-08T23:10:56+00:00\" \/>\n<meta name=\"author\" content=\"Bruno Gianni\" \/>\n<meta name=\"twitter:card\" content=\"summary_large_image\" \/>\n<meta name=\"twitter:label1\" content=\"Written by\" \/>\n\t<meta name=\"twitter:data1\" content=\"Bruno Gianni\" \/>\n\t<meta name=\"twitter:label2\" content=\"Est. reading time\" \/>\n\t<meta name=\"twitter:data2\" content=\"1 minute\" \/>\n<script type=\"application\/ld+json\" class=\"yoast-schema-graph\">{\"@context\":\"https:\/\/schema.org\",\"@graph\":[{\"@type\":\"Article\",\"@id\":\"https:\/\/durnako.com\/790c3d9e-0214-4149-a539-defa4b9ca4d5\/#article\",\"isPartOf\":{\"@id\":\"https:\/\/durnako.com\/790c3d9e-0214-4149-a539-defa4b9ca4d5\/\"},\"author\":{\"name\":\"Bruno Gianni\",\"@id\":\"https:\/\/durnako.com\/#\/schema\/person\/d52888235fd6563bd07d97185d6a61e4\"},\"headline\":\"Especialista en Recursos Humanos: Contrato, buen ambiente y desarrollo profesional\",\"datePublished\":\"2026-01-08T23:10:00+00:00\",\"dateModified\":\"2026-01-08T23:10:56+00:00\",\"mainEntityOfPage\":{\"@id\":\"https:\/\/durnako.com\/790c3d9e-0214-4149-a539-defa4b9ca4d5\/\"},\"wordCount\":301,\"commentCount\":0,\"publisher\":{\"@id\":\"https:\/\/durnako.com\/#organization\"},\"articleSection\":[\"Hidden\"],\"inLanguage\":\"fr-FR\",\"potentialAction\":[{\"@type\":\"CommentAction\",\"name\":\"Comment\",\"target\":[\"https:\/\/durnako.com\/790c3d9e-0214-4149-a539-defa4b9ca4d5\/#respond\"]}]},{\"@type\":\"WebPage\",\"@id\":\"https:\/\/durnako.com\/790c3d9e-0214-4149-a539-defa4b9ca4d5\/\",\"url\":\"https:\/\/durnako.com\/790c3d9e-0214-4149-a539-defa4b9ca4d5\/\",\"name\":\"Especialista en Recursos Humanos: Contrato, buen ambiente y desarrollo profesional - Durnako\",\"isPartOf\":{\"@id\":\"https:\/\/durnako.com\/#website\"},\"datePublished\":\"2026-01-08T23:10:00+00:00\",\"dateModified\":\"2026-01-08T23:10:56+00:00\",\"breadcrumb\":{\"@id\":\"https:\/\/durnako.com\/790c3d9e-0214-4149-a539-defa4b9ca4d5\/#breadcrumb\"},\"inLanguage\":\"fr-FR\",\"potentialAction\":[{\"@type\":\"ReadAction\",\"target\":[\"https:\/\/durnako.com\/790c3d9e-0214-4149-a539-defa4b9ca4d5\/\"]}]},{\"@type\":\"BreadcrumbList\",\"@id\":\"https:\/\/durnako.com\/790c3d9e-0214-4149-a539-defa4b9ca4d5\/#breadcrumb\",\"itemListElement\":[{\"@type\":\"ListItem\",\"position\":1,\"name\":\"Home\",\"item\":\"https:\/\/durnako.com\/\"},{\"@type\":\"ListItem\",\"position\":2,\"name\":\"Especialista en Recursos Humanos: Contrato, buen ambiente y desarrollo profesional\"}]},{\"@type\":\"WebSite\",\"@id\":\"https:\/\/durnako.com\/#website\",\"url\":\"https:\/\/durnako.com\/\",\"name\":\"Durnako\",\"description\":\"\",\"publisher\":{\"@id\":\"https:\/\/durnako.com\/#organization\"},\"potentialAction\":[{\"@type\":\"SearchAction\",\"target\":{\"@type\":\"EntryPoint\",\"urlTemplate\":\"https:\/\/durnako.com\/?s={search_term_string}\"},\"query-input\":\"required name=search_term_string\"}],\"inLanguage\":\"fr-FR\"},{\"@type\":\"Organization\",\"@id\":\"https:\/\/durnako.com\/#organization\",\"name\":\"Durnako\",\"url\":\"https:\/\/durnako.com\/\",\"logo\":{\"@type\":\"ImageObject\",\"inLanguage\":\"fr-FR\",\"@id\":\"https:\/\/durnako.com\/#\/schema\/logo\/image\/\",\"url\":\"https:\/\/durnako.com\/wp-content\/uploads\/sites\/476\/2025\/10\/cropped-cropped-durnako.jpg\",\"contentUrl\":\"https:\/\/durnako.com\/wp-content\/uploads\/sites\/476\/2025\/10\/cropped-cropped-durnako.jpg\",\"width\":512,\"height\":512,\"caption\":\"Durnako\"},\"image\":{\"@id\":\"https:\/\/durnako.com\/#\/schema\/logo\/image\/\"}},{\"@type\":\"Person\",\"@id\":\"https:\/\/durnako.com\/#\/schema\/person\/d52888235fd6563bd07d97185d6a61e4\",\"name\":\"Bruno Gianni\",\"image\":{\"@type\":\"ImageObject\",\"inLanguage\":\"fr-FR\",\"@id\":\"https:\/\/durnako.com\/#\/schema\/person\/image\/\",\"url\":\"https:\/\/secure.gravatar.com\/avatar\/0f5d42d7bf77874643c1478932860e3f?s=96&d=mm&r=g\",\"contentUrl\":\"https:\/\/secure.gravatar.com\/avatar\/0f5d42d7bf77874643c1478932860e3f?s=96&d=mm&r=g\",\"caption\":\"Bruno Gianni\"},\"description\":\"Bruno writes the way he lives, with curiosity, care, and respect for people. He likes to observe, listen, and try to understand what is happening on the other side before putting any words on the page.For him, writing is not about impressing, but about getting closer. It is about turning thoughts into something simple, clear, and real. Every text is an ongoing conversation, created with care and honesty, with the sincere intention of touching someone, somewhere along the way.\",\"url\":\"https:\/\/durnako.com\/fr\/author\/bcgianni\/\"}]}<\/script>\n<!-- \/ Yoast SEO plugin. -->","yoast_head_json":{"title":"Especialista en Recursos Humanos: Contrato, buen ambiente y desarrollo profesional - Durnako","robots":{"index":"index","follow":"follow","max-snippet":"max-snippet:-1","max-image-preview":"max-image-preview:large","max-video-preview":"max-video-preview:-1"},"canonical":"https:\/\/durnako.com\/fr\/790c3d9e-0214-4149-a539-defa4b9ca4d5\/","og_locale":"fr_FR","og_type":"article","og_title":"Especialista en Recursos Humanos: Contrato, buen ambiente y desarrollo profesional - Durnako","og_description":"Descubre esta oferta para especialista en recursos humanos con contrato inicial, oportunidad de desarrollo y un entorno colaborativo y profesional. Aplica y potencia tu carrera en RRHH ahora mismo.","og_url":"https:\/\/durnako.com\/fr\/790c3d9e-0214-4149-a539-defa4b9ca4d5\/","og_site_name":"Durnako","article_published_time":"2026-01-08T23:10:00+00:00","article_modified_time":"2026-01-08T23:10:56+00:00","author":"Bruno Gianni","twitter_card":"summary_large_image","twitter_misc":{"Written by":"Bruno Gianni","Est. reading time":"1 minute"},"schema":{"@context":"https:\/\/schema.org","@graph":[{"@type":"Article","@id":"https:\/\/durnako.com\/790c3d9e-0214-4149-a539-defa4b9ca4d5\/#article","isPartOf":{"@id":"https:\/\/durnako.com\/790c3d9e-0214-4149-a539-defa4b9ca4d5\/"},"author":{"name":"Bruno Gianni","@id":"https:\/\/durnako.com\/#\/schema\/person\/d52888235fd6563bd07d97185d6a61e4"},"headline":"Especialista en Recursos Humanos: Contrato, buen ambiente y desarrollo profesional","datePublished":"2026-01-08T23:10:00+00:00","dateModified":"2026-01-08T23:10:56+00:00","mainEntityOfPage":{"@id":"https:\/\/durnako.com\/790c3d9e-0214-4149-a539-defa4b9ca4d5\/"},"wordCount":301,"commentCount":0,"publisher":{"@id":"https:\/\/durnako.com\/#organization"},"articleSection":["Hidden"],"inLanguage":"fr-FR","potentialAction":[{"@type":"CommentAction","name":"Comment","target":["https:\/\/durnako.com\/790c3d9e-0214-4149-a539-defa4b9ca4d5\/#respond"]}]},{"@type":"WebPage","@id":"https:\/\/durnako.com\/790c3d9e-0214-4149-a539-defa4b9ca4d5\/","url":"https:\/\/durnako.com\/790c3d9e-0214-4149-a539-defa4b9ca4d5\/","name":"Especialista en Recursos Humanos: Contrato, buen ambiente y desarrollo profesional - Durnako","isPartOf":{"@id":"https:\/\/durnako.com\/#website"},"datePublished":"2026-01-08T23:10:00+00:00","dateModified":"2026-01-08T23:10:56+00:00","breadcrumb":{"@id":"https:\/\/durnako.com\/790c3d9e-0214-4149-a539-defa4b9ca4d5\/#breadcrumb"},"inLanguage":"fr-FR","potentialAction":[{"@type":"ReadAction","target":["https:\/\/durnako.com\/790c3d9e-0214-4149-a539-defa4b9ca4d5\/"]}]},{"@type":"BreadcrumbList","@id":"https:\/\/durnako.com\/790c3d9e-0214-4149-a539-defa4b9ca4d5\/#breadcrumb","itemListElement":[{"@type":"ListItem","position":1,"name":"Home","item":"https:\/\/durnako.com\/"},{"@type":"ListItem","position":2,"name":"Especialista en Recursos Humanos: Contrato, buen ambiente y desarrollo profesional"}]},{"@type":"WebSite","@id":"https:\/\/durnako.com\/#website","url":"https:\/\/durnako.com\/","name":"Durnako","description":"","publisher":{"@id":"https:\/\/durnako.com\/#organization"},"potentialAction":[{"@type":"SearchAction","target":{"@type":"EntryPoint","urlTemplate":"https:\/\/durnako.com\/?s={search_term_string}"},"query-input":"required name=search_term_string"}],"inLanguage":"fr-FR"},{"@type":"Organization","@id":"https:\/\/durnako.com\/#organization","name":"Durnako","url":"https:\/\/durnako.com\/","logo":{"@type":"ImageObject","inLanguage":"fr-FR","@id":"https:\/\/durnako.com\/#\/schema\/logo\/image\/","url":"https:\/\/durnako.com\/wp-content\/uploads\/sites\/476\/2025\/10\/cropped-cropped-durnako.jpg","contentUrl":"https:\/\/durnako.com\/wp-content\/uploads\/sites\/476\/2025\/10\/cropped-cropped-durnako.jpg","width":512,"height":512,"caption":"Durnako"},"image":{"@id":"https:\/\/durnako.com\/#\/schema\/logo\/image\/"}},{"@type":"Person","@id":"https:\/\/durnako.com\/#\/schema\/person\/d52888235fd6563bd07d97185d6a61e4","name":"Bruno Gianni","image":{"@type":"ImageObject","inLanguage":"fr-FR","@id":"https:\/\/durnako.com\/#\/schema\/person\/image\/","url":"https:\/\/secure.gravatar.com\/avatar\/0f5d42d7bf77874643c1478932860e3f?s=96&d=mm&r=g","contentUrl":"https:\/\/secure.gravatar.com\/avatar\/0f5d42d7bf77874643c1478932860e3f?s=96&d=mm&r=g","caption":"Bruno Gianni"},"description":"Bruno writes the way he lives, with curiosity, care, and respect for people. He likes to observe, listen, and try to understand what is happening on the other side before putting any words on the page.For him, writing is not about impressing, but about getting closer. It is about turning thoughts into something simple, clear, and real. Every text is an ongoing conversation, created with care and honesty, with the sincere intention of touching someone, somewhere along the way.","url":"https:\/\/durnako.com\/fr\/author\/bcgianni\/"}]}},"uagb_featured_image_src":{"full":false,"thumbnail":false,"medium":false,"medium_large":false,"large":false,"1536x1536":false,"2048x2048":false,"trp-custom-language-flag":false},"uagb_author_info":{"display_name":"Bruno Gianni","author_link":"https:\/\/durnako.com\/fr\/author\/bcgianni\/"},"uagb_comment_info":0,"uagb_excerpt":"Descubre esta oferta para especialista en recursos humanos con contrato inicial, oportunidad de desarrollo y un entorno colaborativo y profesional. Aplica y potencia tu carrera en RRHH ahora mismo.","_links":{"self":[{"href":"https:\/\/durnako.com\/fr\/wp-json\/wp\/v2\/posts\/3287"}],"collection":[{"href":"https:\/\/durnako.com\/fr\/wp-json\/wp\/v2\/posts"}],"about":[{"href":"https:\/\/durnako.com\/fr\/wp-json\/wp\/v2\/types\/post"}],"author":[{"embeddable":true,"href":"https:\/\/durnako.com\/fr\/wp-json\/wp\/v2\/users\/3"}],"replies":[{"embeddable":true,"href":"https:\/\/durnako.com\/fr\/wp-json\/wp\/v2\/comments?post=3287"}],"version-history":[{"count":1,"href":"https:\/\/durnako.com\/fr\/wp-json\/wp\/v2\/posts\/3287\/revisions"}],"predecessor-version":[{"id":3296,"href":"https:\/\/durnako.com\/fr\/wp-json\/wp\/v2\/posts\/3287\/revisions\/3296"}],"wp:attachment":[{"href":"https:\/\/durnako.com\/fr\/wp-json\/wp\/v2\/media?parent=3287"}],"wp:term":[{"taxonomy":"category","embeddable":true,"href":"https:\/\/durnako.com\/fr\/wp-json\/wp\/v2\/categories?post=3287"},{"taxonomy":"post_tag","embeddable":true,"href":"https:\/\/durnako.com\/fr\/wp-json\/wp\/v2\/tags?post=3287"}],"curies":[{"name":"wp","href":"https:\/\/api.w.org\/{rel}","templated":true}]}}